{"id":2099,"date":"2025-08-20T16:07:01","date_gmt":"2025-08-20T14:07:01","guid":{"rendered":"https:\/\/rectimepro.com\/?p=2099"},"modified":"2025-09-25T10:42:29","modified_gmt":"2025-09-25T08:42:29","slug":"importancia-documentar-cotidiano-especial","status":"publish","type":"post","link":"https:\/\/rectimepro.com\/fr\/2025\/08\/20\/importancia-documentar-cotidiano-especial\/","title":{"rendered":"Qu'est-ce qu'une bonne communication audiovisuelle ?"},"content":{"rendered":"<p>Nous vivons entour\u00e9s d'images, de vid\u00e9os, de clips qui apparaissent en permanence sur nos \u00e9crans. Mais seule une partie de ce contenu atteint r\u00e9ellement son objectif : \u00e9tablir un lien avec le spectateur, l'\u00e9mouvoir, le persuader ou simplement rester dans sa m\u00e9moire. Quelle est la diff\u00e9rence ? La r\u00e9ponse r\u00e9side dans la qualit\u00e9 de la communication audiovisuelle.<\/p>\n<p>Chez RecTimePro, nous nous demandons depuis des ann\u00e9es ce qui fait qu'une vid\u00e9o fonctionne vraiment. Nous ne parlons pas seulement de technique, de cam\u00e9ras ou d'effets visuels. Nous parlons du contexte, du message et de l'intention. Ce que nous avons appris, c'est qu'une bonne communication audiovisuelle est le r\u00e9sultat d'une combinaison pr\u00e9cise de la forme et du contenu.<\/p>\n<h2>Les piliers d'une communication efficace<\/h2>\n<h3>1. un message clair et cibl\u00e9<\/h3>\n<p>Tout d'abord, il est essentiel d'\u00eatre clair sur le message : que voulons-nous raconter ? A qui nous adressons-nous ? Quelle \u00e9motion ou r\u00e9action recherchons-nous ? Qu'il s'agisse d'un spot t\u00e9l\u00e9vis\u00e9 ou du making of d'un \u00e9v\u00e9nement d'entreprise, tout projet part de cette r\u00e9flexion initiale. Si l'objectif n'est pas clair, le risque est de cr\u00e9er des pi\u00e8ces visuelles belles mais vides, qui n'ont pas d'impact et ne g\u00e9n\u00e8rent pas de souvenirs.<\/p>\n<h3>2. Un r\u00e9cit structur\u00e9<\/h3>\n<p>L'\u00e9tape suivante consiste \u00e0 structurer ce message de mani\u00e8re coh\u00e9rente. Dans l'audiovisuel, il s'agit de penser \u00e0 la narration, au rythme, \u00e0 l'\u00e9quilibre entre les plans d'ensemble et les d\u00e9tails, entre les interviews et les moments d'action, entre l'information et l'\u00e9motion.<\/p>\n<h3>3. Rigueur technique : son et lumi\u00e8re<\/h3>\n<p>Une bonne communication audiovisuelle implique \u00e9galement de soigner les aspects techniques avec la plus grande rigueur. Le son, par exemple, est l'un des \u00e9l\u00e9ments les plus n\u00e9glig\u00e9s par ceux qui ne sont pas du secteur, alors qu'il est absolument essentiel. Il en va de m\u00eame pour l'\u00e9clairage : une image peut avoir un bon cadrage et une bonne r\u00e9solution, mais si la lumi\u00e8re n'est pas travaill\u00e9e, elle perd de sa puissance.<\/p>\n<h2>Notre approche globale chez RecTimePro<\/h2>\n<p>Chez RecTimePro, nous appliquons toujours une approche globale. D\u00e8s le premier contact avec le client, notre \u00e9quipe travaille sur le sc\u00e9nario, le plan de tournage, les moyens techniques, la post-production et le format de diffusion. Pr\u00e9parer un clip pour les r\u00e9seaux sociaux n'est pas la m\u00eame chose que pr\u00e9parer une vid\u00e9o institutionnelle qui sera diffus\u00e9e lors d'un salon international. Chaque canal a ses propres r\u00e8gles et ses propres codes.<\/p>\n<h3>Identit\u00e9 de la marque Fid\u00e9lit\u00e9<\/h3>\n<p>Pour nous, il est essentiel qu'une bonne communication audiovisuelle soit fid\u00e8le \u00e0 l'identit\u00e9 de son commanditaire. Il ne s'agit pas d'imposer un style d\u00e9mod\u00e9, mais d'\u00e9couter, de comprendre et de traduire visuellement les valeurs d'une marque, d'une entreprise ou d'une personne. Nous avons vu trop d'exemples de vid\u00e9os techniquement impeccables qui ne parviennent pas \u00e0 toucher leur public parce qu'elles semblent artificielles, d\u00e9personnalis\u00e9es. C'est pourquoi nous travaillons en \u00e9troite collaboration avec le client, en l'impliquant dans le processus.<\/p>\n<h3>Adaptabilit\u00e9 \u00e0 de multiples formats<\/h3>\n<p>Un autre aspect \u00e0 ne pas oublier est l'adaptabilit\u00e9. De nos jours, les formats changent : histoires, bobines, publicit\u00e9s t\u00e9l\u00e9vis\u00e9es, clips YouTube... Une bonne communication audiovisuelle tient compte de ces sc\u00e9narios d\u00e8s le d\u00e9part, c'est pourquoi nous pr\u00e9parons g\u00e9n\u00e9ralement des versions adapt\u00e9es, que ce soit en termes de longueur, de rapport hauteur\/largeur ou de traitement sonore.<\/p>\n<h2>En bref : Les 5 cl\u00e9s de la r\u00e9ussite<\/h2>\n<p>Comme nous l'avons expliqu\u00e9 dans d'autres articles de ce blog, la cl\u00e9 r\u00e9side dans la compr\u00e9hension de l'audiovisuel comme un langage \u00e0 part enti\u00e8re, avec ses propres techniques et codes, mais toujours au service du message. Une bonne communication audiovisuelle :<\/p>\n<ul>\n<li>Il transmet un message clair et coh\u00e9rent.<\/li>\n<li>Elle s'adapte au public et au canal.<\/li>\n<li>Il prend en charge tous les aspects techniques : image, son, rythme.<\/li>\n<li>Il refl\u00e8te l'identit\u00e9 et les valeurs du commissaire.<\/li>\n<li>G\u00e9n\u00e8re une \u00e9motion ou un souvenir.<\/li>\n<\/ul>\n<p>Chez Rectimepro, notre mission est pr\u00e9cis\u00e9ment celle-l\u00e0 : aider les entreprises, les marques et les individus \u00e0 cr\u00e9er un contenu audiovisuel qui ne soit pas seulement beau, mais aussi efficace. Un contenu qui communique, qui enthousiasme et qui dure.<\/p>\n<p>Parce qu'en fin de compte, comme nous le disons toujours, l'important n'est pas seulement ce que vous voyez... <strong>mais ce dont on se souvient.<\/strong><\/p>","protected":false},"excerpt":{"rendered":"<p>Vivimos rodeados de im\u00e1genes, v\u00eddeos, clips que aparecen en nuestras pantallas a todas horas. Pero solo una parte de ese contenido realmente logra su objetivo: conectar con quien lo ve, emocionar, persuadir o simplemente quedarse en la memoria. \u00bfCu\u00e1l es la diferencia? La respuesta est\u00e1 en la calidad de la comunicaci\u00f3n audiovisual. En RecTimePro llevamos [&hellip;]<\/p>","protected":false},"author":6,"featured_media":2100,"comment_status":"open","ping_status":"open","sticky":false,"template":"","format":"standard","meta":{"footnotes":""},"categories":[19],"tags":[22,21,23,20],"class_list":["post-2099","post","type-post","status-publish","format-standard","has-post-thumbnail","hentry","category-comunicacion","tag-archivo-audiovisual","tag-branded-content","tag-comunicacion-eventos-de-empresa","tag-eventos-corporativos"],"yoast_head":"<!-- This site is optimized with the Yoast SEO plugin v27.4 - https:\/\/yoast.com\/product\/yoast-seo-wordpress\/ -->\n<title>En qu\u00e9 consiste una buena comunicaci\u00f3n audiovisual - Rectimepro - Productora audiovisual<\/title>\n<meta name=\"robots\" content=\"index, follow, max-snippet:-1, max-image-preview:large, max-video-preview:-1\" \/>\n<link rel=\"canonical\" href=\"https:\/\/rectimepro.com\/fr\/2025\/08\/20\/importancia-documentar-cotidiano-especial\/\" \/>\n<meta property=\"og:locale\" content=\"fr_FR\" \/>\n<meta property=\"og:type\" content=\"article\" \/>\n<meta property=\"og:title\" content=\"En qu\u00e9 consiste una buena comunicaci\u00f3n audiovisual - Rectimepro - Productora audiovisual\" \/>\n<meta property=\"og:description\" content=\"Vivimos rodeados de im\u00e1genes, v\u00eddeos, clips que aparecen en nuestras pantallas a todas horas. Pero solo una parte de ese contenido realmente logra su objetivo: conectar con quien lo ve, emocionar, persuadir o simplemente quedarse en la memoria. \u00bfCu\u00e1l es la diferencia? La respuesta est\u00e1 en la calidad de la comunicaci\u00f3n audiovisual. En RecTimePro llevamos [&hellip;]\" \/>\n<meta property=\"og:url\" content=\"https:\/\/rectimepro.com\/fr\/2025\/08\/20\/importancia-documentar-cotidiano-especial\/\" \/>\n<meta property=\"og:site_name\" content=\"Rectimepro - Productora audiovisual\" \/>\n<meta property=\"article:published_time\" content=\"2025-08-20T14:07:01+00:00\" \/>\n<meta property=\"article:modified_time\" content=\"2025-09-25T08:42:29+00:00\" \/>\n<meta property=\"og:image\" content=\"https:\/\/rectimepro.com\/wp-content\/uploads\/2025\/08\/rectimepro-redaccion.jpg\" \/>\n\t<meta property=\"og:image:width\" content=\"1360\" \/>\n\t<meta property=\"og:image:height\" content=\"907\" \/>\n\t<meta property=\"og:image:type\" content=\"image\/jpeg\" \/>\n<meta name=\"author\" content=\"rectimepro@gmail.com\" \/>\n<meta name=\"twitter:card\" content=\"summary_large_image\" \/>\n<meta name=\"twitter:label1\" content=\"\u00c9crit par\" \/>\n\t<meta name=\"twitter:data1\" content=\"rectimepro@gmail.com\" \/>\n\t<meta name=\"twitter:label2\" content=\"Dur\u00e9e de lecture estim\u00e9e\" \/>\n\t<meta name=\"twitter:data2\" content=\"3 minutes\" \/>\n<script type=\"application\/ld+json\" class=\"yoast-schema-graph\">{\"@context\":\"https:\\\/\\\/schema.org\",\"@graph\":[{\"@type\":\"Article\",\"@id\":\"https:\\\/\\\/rectimepro.com\\\/2025\\\/08\\\/20\\\/importancia-documentar-cotidiano-especial\\\/#article\",\"isPartOf\":{\"@id\":\"https:\\\/\\\/rectimepro.com\\\/2025\\\/08\\\/20\\\/importancia-documentar-cotidiano-especial\\\/\"},\"author\":{\"name\":\"rectimepro@gmail.com\",\"@id\":\"https:\\\/\\\/www.rectimepro.com\\\/#\\\/schema\\\/person\\\/e052b37cfb4a420d1de259bb97745b4e\"},\"headline\":\"En qu\u00e9 consiste una buena comunicaci\u00f3n audiovisual\",\"datePublished\":\"2025-08-20T14:07:01+00:00\",\"dateModified\":\"2025-09-25T08:42:29+00:00\",\"mainEntityOfPage\":{\"@id\":\"https:\\\/\\\/rectimepro.com\\\/2025\\\/08\\\/20\\\/importancia-documentar-cotidiano-especial\\\/\"},\"wordCount\":682,\"commentCount\":0,\"publisher\":{\"@id\":\"https:\\\/\\\/www.rectimepro.com\\\/#organization\"},\"image\":{\"@id\":\"https:\\\/\\\/rectimepro.com\\\/2025\\\/08\\\/20\\\/importancia-documentar-cotidiano-especial\\\/#primaryimage\"},\"thumbnailUrl\":\"https:\\\/\\\/rectimepro.com\\\/wp-content\\\/uploads\\\/2025\\\/08\\\/rectimepro-redaccion.jpg\",\"keywords\":[\"archivo audiovisual\",\"branded content\",\"comunicaci\u00f3n eventos de empresa\",\"eventos corporativos\"],\"articleSection\":[\"Comunicaci\u00f3n\"],\"inLanguage\":\"fr-FR\",\"potentialAction\":[{\"@type\":\"CommentAction\",\"name\":\"Comment\",\"target\":[\"https:\\\/\\\/rectimepro.com\\\/2025\\\/08\\\/20\\\/importancia-documentar-cotidiano-especial\\\/#respond\"]}]},{\"@type\":\"WebPage\",\"@id\":\"https:\\\/\\\/rectimepro.com\\\/2025\\\/08\\\/20\\\/importancia-documentar-cotidiano-especial\\\/\",\"url\":\"https:\\\/\\\/rectimepro.com\\\/2025\\\/08\\\/20\\\/importancia-documentar-cotidiano-especial\\\/\",\"name\":\"En qu\u00e9 consiste una buena comunicaci\u00f3n audiovisual - Rectimepro - Productora audiovisual\",\"isPartOf\":{\"@id\":\"https:\\\/\\\/www.rectimepro.com\\\/#website\"},\"primaryImageOfPage\":{\"@id\":\"https:\\\/\\\/rectimepro.com\\\/2025\\\/08\\\/20\\\/importancia-documentar-cotidiano-especial\\\/#primaryimage\"},\"image\":{\"@id\":\"https:\\\/\\\/rectimepro.com\\\/2025\\\/08\\\/20\\\/importancia-documentar-cotidiano-especial\\\/#primaryimage\"},\"thumbnailUrl\":\"https:\\\/\\\/rectimepro.com\\\/wp-content\\\/uploads\\\/2025\\\/08\\\/rectimepro-redaccion.jpg\",\"datePublished\":\"2025-08-20T14:07:01+00:00\",\"dateModified\":\"2025-09-25T08:42:29+00:00\",\"breadcrumb\":{\"@id\":\"https:\\\/\\\/rectimepro.com\\\/2025\\\/08\\\/20\\\/importancia-documentar-cotidiano-especial\\\/#breadcrumb\"},\"inLanguage\":\"fr-FR\",\"potentialAction\":[{\"@type\":\"ReadAction\",\"target\":[\"https:\\\/\\\/rectimepro.com\\\/2025\\\/08\\\/20\\\/importancia-documentar-cotidiano-especial\\\/\"]}]},{\"@type\":\"ImageObject\",\"inLanguage\":\"fr-FR\",\"@id\":\"https:\\\/\\\/rectimepro.com\\\/2025\\\/08\\\/20\\\/importancia-documentar-cotidiano-especial\\\/#primaryimage\",\"url\":\"https:\\\/\\\/rectimepro.com\\\/wp-content\\\/uploads\\\/2025\\\/08\\\/rectimepro-redaccion.jpg\",\"contentUrl\":\"https:\\\/\\\/rectimepro.com\\\/wp-content\\\/uploads\\\/2025\\\/08\\\/rectimepro-redaccion.jpg\",\"width\":1360,\"height\":907},{\"@type\":\"BreadcrumbList\",\"@id\":\"https:\\\/\\\/rectimepro.com\\\/2025\\\/08\\\/20\\\/importancia-documentar-cotidiano-especial\\\/#breadcrumb\",\"itemListElement\":[{\"@type\":\"ListItem\",\"position\":1,\"name\":\"Home\",\"item\":\"https:\\\/\\\/rectimepro.com\\\/\"},{\"@type\":\"ListItem\",\"position\":2,\"name\":\"En qu\u00e9 consiste una buena comunicaci\u00f3n audiovisual\"}]},{\"@type\":\"WebSite\",\"@id\":\"https:\\\/\\\/www.rectimepro.com\\\/#website\",\"url\":\"https:\\\/\\\/www.rectimepro.com\\\/\",\"name\":\"Rectimepro - Productora audiovisual\",\"description\":\"\",\"publisher\":{\"@id\":\"https:\\\/\\\/www.rectimepro.com\\\/#organization\"},\"potentialAction\":[{\"@type\":\"SearchAction\",\"target\":{\"@type\":\"EntryPoint\",\"urlTemplate\":\"https:\\\/\\\/www.rectimepro.com\\\/?s={search_term_string}\"},\"query-input\":{\"@type\":\"PropertyValueSpecification\",\"valueRequired\":true,\"valueName\":\"search_term_string\"}}],\"inLanguage\":\"fr-FR\"},{\"@type\":\"Organization\",\"@id\":\"https:\\\/\\\/www.rectimepro.com\\\/#organization\",\"name\":\"Rectimepro - Productora audiovisual\",\"alternateName\":\"Rectimepro\",\"url\":\"https:\\\/\\\/www.rectimepro.com\\\/\",\"logo\":{\"@type\":\"ImageObject\",\"inLanguage\":\"fr-FR\",\"@id\":\"https:\\\/\\\/www.rectimepro.com\\\/#\\\/schema\\\/logo\\\/image\\\/\",\"url\":\"https:\\\/\\\/rectimepro.com\\\/wp-content\\\/uploads\\\/2025\\\/04\\\/rectime-logo-white-new.png\",\"contentUrl\":\"https:\\\/\\\/rectimepro.com\\\/wp-content\\\/uploads\\\/2025\\\/04\\\/rectime-logo-white-new.png\",\"width\":800,\"height\":926,\"caption\":\"Rectimepro - Productora audiovisual\"},\"image\":{\"@id\":\"https:\\\/\\\/www.rectimepro.com\\\/#\\\/schema\\\/logo\\\/image\\\/\"},\"sameAs\":[\"https:\\\/\\\/www.instagram.com\\\/rectimepro\\\/?hl=es\",\"https:\\\/\\\/www.youtube.com\\\/channel\\\/UCg7PQMBoWykywKGOZeYoknA\\\/videos\",\"https:\\\/\\\/vimeo.com\\\/user95407811\"]},{\"@type\":\"Person\",\"@id\":\"https:\\\/\\\/www.rectimepro.com\\\/#\\\/schema\\\/person\\\/e052b37cfb4a420d1de259bb97745b4e\",\"name\":\"rectimepro@gmail.com\",\"image\":{\"@type\":\"ImageObject\",\"inLanguage\":\"fr-FR\",\"@id\":\"https:\\\/\\\/secure.gravatar.com\\\/avatar\\\/fbe4740de7572744fdd933590409d8e8fad38c5a818e862fa44f2ce0121b9d98?s=96&d=mm&r=g\",\"url\":\"https:\\\/\\\/secure.gravatar.com\\\/avatar\\\/fbe4740de7572744fdd933590409d8e8fad38c5a818e862fa44f2ce0121b9d98?s=96&d=mm&r=g\",\"contentUrl\":\"https:\\\/\\\/secure.gravatar.com\\\/avatar\\\/fbe4740de7572744fdd933590409d8e8fad38c5a818e862fa44f2ce0121b9d98?s=96&d=mm&r=g\",\"caption\":\"rectimepro@gmail.com\"}}]}<\/script>\n<!-- \/ Yoast SEO plugin. -->","yoast_head_json":{"title":"En qu\u00e9 consiste una buena comunicaci\u00f3n audiovisual - Rectimepro - Productora audiovisual","robots":{"index":"index","follow":"follow","max-snippet":"max-snippet:-1","max-image-preview":"max-image-preview:large","max-video-preview":"max-video-preview:-1"},"canonical":"https:\/\/rectimepro.com\/fr\/2025\/08\/20\/importancia-documentar-cotidiano-especial\/","og_locale":"fr_FR","og_type":"article","og_title":"En qu\u00e9 consiste una buena comunicaci\u00f3n audiovisual - Rectimepro - Productora audiovisual","og_description":"Vivimos rodeados de im\u00e1genes, v\u00eddeos, clips que aparecen en nuestras pantallas a todas horas. Pero solo una parte de ese contenido realmente logra su objetivo: conectar con quien lo ve, emocionar, persuadir o simplemente quedarse en la memoria. \u00bfCu\u00e1l es la diferencia? La respuesta est\u00e1 en la calidad de la comunicaci\u00f3n audiovisual. En RecTimePro llevamos [&hellip;]","og_url":"https:\/\/rectimepro.com\/fr\/2025\/08\/20\/importancia-documentar-cotidiano-especial\/","og_site_name":"Rectimepro - Productora audiovisual","article_published_time":"2025-08-20T14:07:01+00:00","article_modified_time":"2025-09-25T08:42:29+00:00","og_image":[{"width":1360,"height":907,"url":"https:\/\/rectimepro.com\/wp-content\/uploads\/2025\/08\/rectimepro-redaccion.jpg","type":"image\/jpeg"}],"author":"rectimepro@gmail.com","twitter_card":"summary_large_image","twitter_misc":{"\u00c9crit par":"rectimepro@gmail.com","Dur\u00e9e de lecture estim\u00e9e":"3 minutes"},"schema":{"@context":"https:\/\/schema.org","@graph":[{"@type":"Article","@id":"https:\/\/rectimepro.com\/2025\/08\/20\/importancia-documentar-cotidiano-especial\/#article","isPartOf":{"@id":"https:\/\/rectimepro.com\/2025\/08\/20\/importancia-documentar-cotidiano-especial\/"},"author":{"name":"rectimepro@gmail.com","@id":"https:\/\/www.rectimepro.com\/#\/schema\/person\/e052b37cfb4a420d1de259bb97745b4e"},"headline":"En qu\u00e9 consiste una buena comunicaci\u00f3n audiovisual","datePublished":"2025-08-20T14:07:01+00:00","dateModified":"2025-09-25T08:42:29+00:00","mainEntityOfPage":{"@id":"https:\/\/rectimepro.com\/2025\/08\/20\/importancia-documentar-cotidiano-especial\/"},"wordCount":682,"commentCount":0,"publisher":{"@id":"https:\/\/www.rectimepro.com\/#organization"},"image":{"@id":"https:\/\/rectimepro.com\/2025\/08\/20\/importancia-documentar-cotidiano-especial\/#primaryimage"},"thumbnailUrl":"https:\/\/rectimepro.com\/wp-content\/uploads\/2025\/08\/rectimepro-redaccion.jpg","keywords":["archivo audiovisual","branded content","comunicaci\u00f3n eventos de empresa","eventos corporativos"],"articleSection":["Comunicaci\u00f3n"],"inLanguage":"fr-FR","potentialAction":[{"@type":"CommentAction","name":"Comment","target":["https:\/\/rectimepro.com\/2025\/08\/20\/importancia-documentar-cotidiano-especial\/#respond"]}]},{"@type":"WebPage","@id":"https:\/\/rectimepro.com\/2025\/08\/20\/importancia-documentar-cotidiano-especial\/","url":"https:\/\/rectimepro.com\/2025\/08\/20\/importancia-documentar-cotidiano-especial\/","name":"En qu\u00e9 consiste una buena comunicaci\u00f3n audiovisual - Rectimepro - Productora audiovisual","isPartOf":{"@id":"https:\/\/www.rectimepro.com\/#website"},"primaryImageOfPage":{"@id":"https:\/\/rectimepro.com\/2025\/08\/20\/importancia-documentar-cotidiano-especial\/#primaryimage"},"image":{"@id":"https:\/\/rectimepro.com\/2025\/08\/20\/importancia-documentar-cotidiano-especial\/#primaryimage"},"thumbnailUrl":"https:\/\/rectimepro.com\/wp-content\/uploads\/2025\/08\/rectimepro-redaccion.jpg","datePublished":"2025-08-20T14:07:01+00:00","dateModified":"2025-09-25T08:42:29+00:00","breadcrumb":{"@id":"https:\/\/rectimepro.com\/2025\/08\/20\/importancia-documentar-cotidiano-especial\/#breadcrumb"},"inLanguage":"fr-FR","potentialAction":[{"@type":"ReadAction","target":["https:\/\/rectimepro.com\/2025\/08\/20\/importancia-documentar-cotidiano-especial\/"]}]},{"@type":"ImageObject","inLanguage":"fr-FR","@id":"https:\/\/rectimepro.com\/2025\/08\/20\/importancia-documentar-cotidiano-especial\/#primaryimage","url":"https:\/\/rectimepro.com\/wp-content\/uploads\/2025\/08\/rectimepro-redaccion.jpg","contentUrl":"https:\/\/rectimepro.com\/wp-content\/uploads\/2025\/08\/rectimepro-redaccion.jpg","width":1360,"height":907},{"@type":"BreadcrumbList","@id":"https:\/\/rectimepro.com\/2025\/08\/20\/importancia-documentar-cotidiano-especial\/#breadcrumb","itemListElement":[{"@type":"ListItem","position":1,"name":"Home","item":"https:\/\/rectimepro.com\/"},{"@type":"ListItem","position":2,"name":"En qu\u00e9 consiste una buena comunicaci\u00f3n audiovisual"}]},{"@type":"WebSite","@id":"https:\/\/www.rectimepro.com\/#website","url":"https:\/\/www.rectimepro.com\/","name":"Rectimepro - Soci\u00e9t\u00e9 de production audiovisuelle","description":"","publisher":{"@id":"https:\/\/www.rectimepro.com\/#organization"},"potentialAction":[{"@type":"SearchAction","target":{"@type":"EntryPoint","urlTemplate":"https:\/\/www.rectimepro.com\/?s={search_term_string}"},"query-input":{"@type":"PropertyValueSpecification","valueRequired":true,"valueName":"search_term_string"}}],"inLanguage":"fr-FR"},{"@type":"Organization","@id":"https:\/\/www.rectimepro.com\/#organization","name":"Rectimepro - Soci\u00e9t\u00e9 de production audiovisuelle","alternateName":"Rectimepro","url":"https:\/\/www.rectimepro.com\/","logo":{"@type":"ImageObject","inLanguage":"fr-FR","@id":"https:\/\/www.rectimepro.com\/#\/schema\/logo\/image\/","url":"https:\/\/rectimepro.com\/wp-content\/uploads\/2025\/04\/rectime-logo-white-new.png","contentUrl":"https:\/\/rectimepro.com\/wp-content\/uploads\/2025\/04\/rectime-logo-white-new.png","width":800,"height":926,"caption":"Rectimepro - Productora audiovisual"},"image":{"@id":"https:\/\/www.rectimepro.com\/#\/schema\/logo\/image\/"},"sameAs":["https:\/\/www.instagram.com\/rectimepro\/?hl=es","https:\/\/www.youtube.com\/channel\/UCg7PQMBoWykywKGOZeYoknA\/videos","https:\/\/vimeo.com\/user95407811"]},{"@type":"Person","@id":"https:\/\/www.rectimepro.com\/#\/schema\/person\/e052b37cfb4a420d1de259bb97745b4e","name":"rectimepro@gmail.com","image":{"@type":"ImageObject","inLanguage":"fr-FR","@id":"https:\/\/secure.gravatar.com\/avatar\/fbe4740de7572744fdd933590409d8e8fad38c5a818e862fa44f2ce0121b9d98?s=96&d=mm&r=g","url":"https:\/\/secure.gravatar.com\/avatar\/fbe4740de7572744fdd933590409d8e8fad38c5a818e862fa44f2ce0121b9d98?s=96&d=mm&r=g","contentUrl":"https:\/\/secure.gravatar.com\/avatar\/fbe4740de7572744fdd933590409d8e8fad38c5a818e862fa44f2ce0121b9d98?s=96&d=mm&r=g","caption":"rectimepro@gmail.com"}}]}},"_links":{"self":[{"href":"https:\/\/rectimepro.com\/fr\/wp-json\/wp\/v2\/posts\/2099","targetHints":{"allow":["GET"]}}],"collection":[{"href":"https:\/\/rectimepro.com\/fr\/wp-json\/wp\/v2\/posts"}],"about":[{"href":"https:\/\/rectimepro.com\/fr\/wp-json\/wp\/v2\/types\/post"}],"author":[{"embeddable":true,"href":"https:\/\/rectimepro.com\/fr\/wp-json\/wp\/v2\/users\/6"}],"replies":[{"embeddable":true,"href":"https:\/\/rectimepro.com\/fr\/wp-json\/wp\/v2\/comments?post=2099"}],"version-history":[{"count":7,"href":"https:\/\/rectimepro.com\/fr\/wp-json\/wp\/v2\/posts\/2099\/revisions"}],"predecessor-version":[{"id":2156,"href":"https:\/\/rectimepro.com\/fr\/wp-json\/wp\/v2\/posts\/2099\/revisions\/2156"}],"wp:featuredmedia":[{"embeddable":true,"href":"https:\/\/rectimepro.com\/fr\/wp-json\/wp\/v2\/media\/2100"}],"wp:attachment":[{"href":"https:\/\/rectimepro.com\/fr\/wp-json\/wp\/v2\/media?parent=2099"}],"wp:term":[{"taxonomy":"category","embeddable":true,"href":"https:\/\/rectimepro.com\/fr\/wp-json\/wp\/v2\/categories?post=2099"},{"taxonomy":"post_tag","embeddable":true,"href":"https:\/\/rectimepro.com\/fr\/wp-json\/wp\/v2\/tags?post=2099"}],"curies":[{"name":"wp","href":"https:\/\/api.w.org\/{rel}","templated":true}]}}